{"id":26,"date":"2020-10-01T17:57:39","date_gmt":"2020-10-01T17:57:39","guid":{"rendered":"https:\/\/www.unleserlich.info\/?p=26"},"modified":"2020-10-06T17:11:28","modified_gmt":"2020-10-06T17:11:28","slug":"folgekosten-beim-radkauf","status":"publish","type":"post","link":"https:\/\/www.unleserlich.info\/?p=26","title":{"rendered":"Folgekosten beim Radkauf"},"content":{"rendered":"\n<p>Die Entscheidung f\u00fcr Dein neues Rad ist gefallen, das Budget gesetzt? Ich stand im letzten Dezember an diesem Punkt, und nun, 9 Monate und 3000km sp\u00e4ter, stelle ich Euch hier einmal vor, was <em>nach<\/em> dem Kauf noch an Kosten auf Euch zukommen kann.<\/p>\n\n\n\n<p>Vorweg jedoch ein paar Worte zur Preisverhandlung, damit dann auch noch genug Geld f\u00fcr allerhand n\u00fctzliches und unn\u00fctzliches vorhanden ist.<\/p>\n\n\n\n<h2>Auf dem Basar<\/h2>\n\n\n\n<div class=\"wp-block-columns\">\n<div class=\"wp-block-column\" style=\"flex-basis:33.33%\">\n<figure class=\"wp-block-image size-large is-style-rounded\"><img loading=\"lazy\" width=\"1024\" height=\"681\" src=\"https:\/\/www.unleserlich.info\/wp-content\/uploads\/2020\/09\/pexels-brett-sayles-29147521-1024x681.jpg\" alt=\"Basar\" class=\"wp-image-37\" srcset=\"https:\/\/www.unleserlich.info\/wp-content\/uploads\/2020\/09\/pexels-brett-sayles-29147521-1024x681.jpg 1024w, https:\/\/www.unleserlich.info\/wp-content\/uploads\/2020\/09\/pexels-brett-sayles-29147521-300x200.jpg 300w, https:\/\/www.unleserlich.info\/wp-content\/uploads\/2020\/09\/pexels-brett-sayles-29147521-768x511.jpg 768w, https:\/\/www.unleserlich.info\/wp-content\/uploads\/2020\/09\/pexels-brett-sayles-29147521-1536x1022.jpg 1536w, https:\/\/www.unleserlich.info\/wp-content\/uploads\/2020\/09\/pexels-brett-sayles-29147521-2048x1363.jpg 2048w, https:\/\/www.unleserlich.info\/wp-content\/uploads\/2020\/09\/pexels-brett-sayles-29147521-1200x798.jpg 1200w, https:\/\/www.unleserlich.info\/wp-content\/uploads\/2020\/09\/pexels-brett-sayles-29147521-1980x1317.jpg 1980w\" sizes=\"(max-width: 1024px) 100vw, 1024px\" \/><\/figure>\n<\/div>\n\n\n\n<div class=\"wp-block-column\" style=\"flex-basis:66.66%\">\n<p>Jeder m\u00f6chte f\u00fcr sich den besten Preis f\u00fcr sein Rad herausholen. Ich habe die Erfahrung gemacht, dass insbesondere bei Markenr\u00e4dern am Preis jedoch so gut wie nichts zu machen ist. 20% wie beim letzten Auto? Keine Chance.<\/p>\n<\/div>\n<\/div>\n\n\n\n<p>Was aber eigentlich immer geht: Zubeh\u00f6r zum Rad dazu bekommen. Bei meinem letzten Rad gab es Helm, Schloss und Smartphonehalterung dazu, dass machte immerhin knapp 200\u20ac Ersparnis aus.<\/p>\n\n\n\n<p>Nun aber zu den Details&#8230;<\/p>\n\n\n\n<h2>Von Sinnvoll bis Sinnlos &#8211; Zubeh\u00f6r<\/h2>\n\n\n\n<h5>Helm<\/h5>\n\n\n\n<p><\/p>\n\n\n\n<div class=\"wp-block-columns\">\n<div class=\"wp-block-column\" style=\"flex-basis:33.33%\">\n<figure class=\"wp-block-image size-large is-style-rounded\"><img loading=\"lazy\" width=\"640\" height=\"431\" src=\"https:\/\/www.unleserlich.info\/wp-content\/uploads\/2020\/09\/pexels-pixabay-35889.jpg\" alt=\"Helm\" class=\"wp-image-43\" srcset=\"https:\/\/www.unleserlich.info\/wp-content\/uploads\/2020\/09\/pexels-pixabay-35889.jpg 640w, https:\/\/www.unleserlich.info\/wp-content\/uploads\/2020\/09\/pexels-pixabay-35889-300x202.jpg 300w\" sizes=\"(max-width: 640px) 100vw, 640px\" \/><\/figure>\n<\/div>\n\n\n\n<div class=\"wp-block-column\" style=\"flex-basis:66.66%\">\n<p>Naheliegend und in Deutschland nahezu Standard ist der Helm (In Holland werdet Ihr wenige Radler mit Helm sehen, dort ist aber auch die Infrastruktur f\u00fcr Radfahrer deutlich besser). Welcher Helm es werden soll, h\u00e4ngt nat\u00fcrlich davon ab, wieviel und wann Ihr mit dem Rad \u00fcblicherweise unterwegs sein werdet.<\/p>\n<\/div>\n<\/div>\n\n\n\n<p>Modelle mit integriertem Licht sind besonders sinnvoll, wenn Ihr viel im Dunkeln unterwegs seid. Mittlerweile gibt es sogar Modelle mit integriertem Blinker, da geht es preislich nat\u00fcrlich schon deutlich nach oben. <\/p>\n\n\n\n<p>Wichtig ist immer die gute Passform, nach M\u00f6glichkeit sucht Ihr den Helm daher im Fachgesch\u00e4ft aus und probiert diesen mit entsprechender Beratung direkt aus.<\/p>\n\n\n\n<p>Preislich  geht es f\u00fcr einen guten Helm bei ca. 50\u20ac los. Ein Modell mit Blinker liegt dann aber auch schnell bei 150\u20ac.<\/p>\n\n\n\n<p>Ihr besitzt schon einen Helm und wollt Euch nur ein neues Rad g\u00f6nnen?  Vielleicht ist dies auch ein guter Zeitpunkt, den Helm zu tauschen. Ein Helm \u201ealtert\u201c und sollte nach sp\u00e4testens 3-5 Jahren durch ein neues Modell ersetzt werden.<\/p>\n\n\n\n<h5>Schloss<\/h5>\n\n\n\n<div class=\"wp-block-columns\">\n<div class=\"wp-block-column\" style=\"flex-basis:33.33%\">\n<figure class=\"wp-block-image size-large is-resized is-style-rounded\"><img loading=\"lazy\" src=\"https:\/\/www.unleserlich.info\/wp-content\/uploads\/2020\/09\/pexels-nicholas-githiri-1068349.jpg\" alt=\"\" class=\"wp-image-45\" width=\"204\" height=\"305\" srcset=\"https:\/\/www.unleserlich.info\/wp-content\/uploads\/2020\/09\/pexels-nicholas-githiri-1068349.jpg 640w, https:\/\/www.unleserlich.info\/wp-content\/uploads\/2020\/09\/pexels-nicholas-githiri-1068349-200x300.jpg 200w\" sizes=\"(max-width: 204px) 100vw, 204px\" \/><\/figure>\n<\/div>\n\n\n\n<div class=\"wp-block-column\" style=\"flex-basis:66.66%\">\n<p>Ein neues Rad wechselt leider schnell den Besitzer, wenn Ihr es nicht richtig sichert. Daher solltet Ihr in ein <em>gutes<\/em> Schloss investieren. Die guten alten Spiralschl\u00f6sser k\u00f6nnt Ihr alle vergessen, da k\u00f6nnt Ihr Euer sch\u00f6nes Rad auch direkt mit einem Zu-Verschenken-Schild versehen.<\/p>\n\n\n\n<p>Besser sind B\u00fcgel- oder Faltschl\u00f6sser. Auch diese sind nicht unknackbar. Ziel eines Schlosses ist aber auch nicht das komplette Verhindern des Aufbrechens, sondern dieses so schwer wie m\u00f6glich zu machen und die ben\u00f6tigte Zeit von wenigen Sekunden f\u00fcr das Knacken auf m\u00f6glichst viele Minuten zu verl\u00e4ngern.<\/p>\n<\/div>\n<\/div>\n\n\n\n<p>Ein gutes Markenschloss bekommt Ihr so ab 50\u20ac, abh\u00e4ngig von L\u00e4nge und Sicherheitsstufe oder technischen Gimmicks wie Bluetooth per Smartphone \u00f6ffnen kann es auch hier schnell auf die 150\u20ac oder mehr zugehen.<\/p>\n\n\n\n<h5>Smartphonehalterung<\/h5>\n\n\n\n<div class=\"wp-block-columns\">\n<div class=\"wp-block-column\" style=\"flex-basis:33.33%\">\n<figure class=\"wp-block-image size-large is-style-rounded\"><img loading=\"lazy\" width=\"640\" height=\"395\" src=\"https:\/\/www.unleserlich.info\/wp-content\/uploads\/2020\/09\/pexels-skitterphoto-1388947.jpg\" alt=\"\" class=\"wp-image-64\" srcset=\"https:\/\/www.unleserlich.info\/wp-content\/uploads\/2020\/09\/pexels-skitterphoto-1388947.jpg 640w, https:\/\/www.unleserlich.info\/wp-content\/uploads\/2020\/09\/pexels-skitterphoto-1388947-300x185.jpg 300w\" sizes=\"(max-width: 640px) 100vw, 640px\" \/><\/figure>\n<\/div>\n\n\n\n<div class=\"wp-block-column\" style=\"flex-basis:66.66%\">\n<p><br>Wohin bloss mit dem Smartphone? Idealerweise in die Tasche. Aber sp\u00e4testens bei l\u00e4ngeren Touren wird das Smartphone als Navigationssystem interessant, und dann geh\u00f6rt es idealerweise an den Lenker.<\/p>\n<\/div>\n<\/div>\n\n\n\n<p>Einfache, stabile L\u00f6sungen erhaltet Ihr schon f\u00fcr 10\u20ac. Ich habe mich f\u00fcr eine L\u00f6sung mit Halterung in der Handyh\u00fclle entschieden, dann seid Ihr auch schnell bei 70\u20ac.  Siehe auch oben -&gt; Basar, hier macht handeln Sinn&#8230;<\/p>\n\n\n\n<h5>Fahrradtaschen<\/h5>\n\n\n\n<p><\/p>\n\n\n\n<div class=\"wp-block-columns\">\n<div class=\"wp-block-column\" style=\"flex-basis:33.33%\">\n<figure class=\"wp-block-image size-large is-style-rounded\"><img loading=\"lazy\" width=\"640\" height=\"853\" src=\"https:\/\/www.unleserlich.info\/wp-content\/uploads\/2020\/09\/pexels-valeriia-miller-3599576.jpg\" alt=\"Fahrradkorb\" class=\"wp-image-58\" srcset=\"https:\/\/www.unleserlich.info\/wp-content\/uploads\/2020\/09\/pexels-valeriia-miller-3599576.jpg 640w, https:\/\/www.unleserlich.info\/wp-content\/uploads\/2020\/09\/pexels-valeriia-miller-3599576-225x300.jpg 225w\" sizes=\"(max-width: 640px) 100vw, 640px\" \/><\/figure>\n<\/div>\n\n\n\n<div class=\"wp-block-column\" style=\"flex-basis:66.66%\">\n<p>Wenn Ihr erstmal richtig Spa\u00df an Eurem Rad gefunden habt, wollt Ihr es vielleicht auch bald zum Einkaufen nutzen. Wir fahren h\u00e4ufig zu zweit f\u00fcr eine 5-k\u00f6pfige Familie einkaufen, mit 3 Seitentaschen \u00fcberhaupt kein Problem. F\u00fcr den Weg zur Arbeit darf es dann gerne noch eine Notebooktasche sein, f\u00fcr die Idealisten unter Euch vielleicht sogar ein Anh\u00e4nger\u2026alles m\u00f6glich, mit einem Rad d\u00fcrft Ihr Anh\u00e4nger bis 4m L\u00e4nge ziehen &#8211; wer h\u00e4tte das gedacht!<\/p>\n<\/div>\n<\/div>\n\n\n\n<p>Gute Gep\u00e4cktaschen gibt es ab 40\u20ac, nach oben gibt es kaum Grenzen, 200\u20ac je Tasche sind auch hier jederzeit m\u00f6glich.<\/p>\n\n\n\n<h5>Kleidung<\/h5>\n\n\n\n<div class=\"wp-block-columns\">\n<div class=\"wp-block-column\" style=\"flex-basis:33.33%\">\n<figure class=\"wp-block-image size-large is-style-rounded\"><img loading=\"lazy\" width=\"640\" height=\"425\" src=\"https:\/\/www.unleserlich.info\/wp-content\/uploads\/2020\/09\/pexels-pixabay-260409.jpg\" alt=\"\" class=\"wp-image-61\" srcset=\"https:\/\/www.unleserlich.info\/wp-content\/uploads\/2020\/09\/pexels-pixabay-260409.jpg 640w, https:\/\/www.unleserlich.info\/wp-content\/uploads\/2020\/09\/pexels-pixabay-260409-300x199.jpg 300w\" sizes=\"(max-width: 640px) 100vw, 640px\" \/><\/figure>\n<\/div>\n\n\n\n<div class=\"wp-block-column\" style=\"flex-basis:66.66%\">\n<p>Sollte Euch Wind und Wetter nichts ausmachen (warum auch?) und Ihr Euer Rad immer und \u00fcberall nutzen (solltet Ihr!), ben\u00f6tigt Ihr zur Jahreszeit passende Kleidung, die leider normalerweise nicht im Schrank h\u00e4ngt. <\/p>\n<\/div>\n<\/div>\n\n\n\n<p>Radhose, Thermounterw\u00e4sche, gute Jacke in Alarmfarbe (gelb \/ gr\u00fcn), Regenjacke, Regenhose. Kostenpunkt so ca. 200\u20ac. Geht auch deutlich g\u00fcnstiger oder auch viel teurer, je nach Marke.<\/p>\n\n\n\n<h2>Versicherung<\/h2>\n\n\n\n<div class=\"wp-block-columns\">\n<div class=\"wp-block-column\" style=\"flex-basis:33.33%\">\n<figure class=\"wp-block-image size-large is-style-rounded\"><img loading=\"lazy\" width=\"640\" height=\"407\" src=\"https:\/\/www.unleserlich.info\/wp-content\/uploads\/2020\/09\/pexels-adrianna-calvo-17679.jpg\" alt=\"\" class=\"wp-image-47\" srcset=\"https:\/\/www.unleserlich.info\/wp-content\/uploads\/2020\/09\/pexels-adrianna-calvo-17679.jpg 640w, https:\/\/www.unleserlich.info\/wp-content\/uploads\/2020\/09\/pexels-adrianna-calvo-17679-300x191.jpg 300w\" sizes=\"(max-width: 640px) 100vw, 640px\" \/><\/figure>\n<\/div>\n\n\n\n<div class=\"wp-block-column\" style=\"flex-basis:66.66%\">\n<p>Sofern Ihr Euer Rad h\u00e4ufig nutzt, werdet Ihr es auch an Orten abstellen m\u00fcssen, an denen man sein Rad vielleicht lieber nicht alleine l\u00e4sst. Solltet Ihr Euer Rad trotz gutem Schloss einmal nicht mehr an der Laterne der Wahl vorfinden, springt die Versicherung ein. Dies ist der einzige laufende Posten, mit dem Ihr rechnen m\u00fcsst.<\/p>\n<\/div>\n<\/div>\n\n\n\n<p>Der Preis einer Versicherung h\u00e4ngt von vielen Faktoren ab. Es gibt Versicherungen, die den Neuwert erstatten, andere stellen ein gleichwertiges Ersatzrad. Bei manchen ist ein Reparaturservice oder eine Notfall Hotline enthalten, bei anderen ist der Mitfahrer mitversichert. Nat\u00fcrlich spielt auch der Kaufpreis des zu versichernden Rades eine gro\u00dfe Rolle. Vielleicht ist Euer Rad auch \u00fcber die Hausrat schon ausreichend abgesichert?<\/p>\n\n\n\n<p>Eine Preisempfehlung kann ich daher hier nicht geben, die g\u00e4ngigen Vergleichsportale sollten Euch aber schnell weiterhelfen.<\/p>\n\n\n\n<h2>Pimp my bike<\/h2>\n\n\n\n<div class=\"wp-block-columns\">\n<div class=\"wp-block-column\" style=\"flex-basis:33.33%\">\n<figure class=\"wp-block-image size-large is-resized is-style-rounded\"><img loading=\"lazy\" src=\"https:\/\/www.unleserlich.info\/wp-content\/uploads\/2020\/09\/pexels-markus-spiske-93777.jpg\" alt=\"\" class=\"wp-image-50\" width=\"183\" height=\"122\" srcset=\"https:\/\/www.unleserlich.info\/wp-content\/uploads\/2020\/09\/pexels-markus-spiske-93777.jpg 640w, https:\/\/www.unleserlich.info\/wp-content\/uploads\/2020\/09\/pexels-markus-spiske-93777-300x200.jpg 300w\" sizes=\"(max-width: 183px) 100vw, 183px\" \/><\/figure>\n<\/div>\n\n\n\n<div class=\"wp-block-column\" style=\"flex-basis:66.66%\">\n<p><br>Bei R\u00e4dern aus dem Schaufenster wird an bestimmten Komponenten immer gespart. Nach den ersten Ausfahrten kommt Ihr daher vielleicht auf die Idee, die ein oder andere Komponente etwas zu &#8222;optimieren&#8220;.<\/p>\n<\/div>\n<\/div>\n\n\n\n<h5>Bereifung<\/h5>\n\n\n\n<div class=\"wp-block-columns\">\n<div class=\"wp-block-column\" style=\"flex-basis:33.33%\">\n<figure class=\"wp-block-image size-large is-resized is-style-rounded\"><img loading=\"lazy\" src=\"https:\/\/www.unleserlich.info\/wp-content\/uploads\/2020\/09\/pexels-markus-spiske-1679622.jpg\" alt=\"\" class=\"wp-image-70\" width=\"136\" height=\"203\" srcset=\"https:\/\/www.unleserlich.info\/wp-content\/uploads\/2020\/09\/pexels-markus-spiske-1679622.jpg 640w, https:\/\/www.unleserlich.info\/wp-content\/uploads\/2020\/09\/pexels-markus-spiske-1679622-200x300.jpg 200w\" sizes=\"(max-width: 136px) 100vw, 136px\" \/><\/figure>\n<\/div>\n\n\n\n<div class=\"wp-block-column\" style=\"flex-basis:66.66%\">\n<p>Wer achtet beim Kauf schon auf die Reifen. Daher ist hier in der Regel g\u00fcnstigstes Material verbaut. In meinem Fall f\u00fchrte dies beim ersten schlechten Wetter zu zwei Platten auf 20km. F\u00fcr eine neue, pannenfeste Bereifung k\u00f6nnt Ihr bis zu 100\u20ac ausgeben, falls Ihr Euch f\u00fcr ein E-Bike entschieden habt.<\/p>\n<\/div>\n<\/div>\n\n\n\n<h5>Sattel<\/h5>\n\n\n\n<div class=\"wp-block-columns\">\n<div class=\"wp-block-column\" style=\"flex-basis:33.33%\">\n<figure class=\"wp-block-image size-large is-style-rounded\"><img loading=\"lazy\" width=\"640\" height=\"426\" src=\"https:\/\/www.unleserlich.info\/wp-content\/uploads\/2020\/09\/pexels-pixabay-53136.jpg\" alt=\"\" class=\"wp-image-67\" srcset=\"https:\/\/www.unleserlich.info\/wp-content\/uploads\/2020\/09\/pexels-pixabay-53136.jpg 640w, https:\/\/www.unleserlich.info\/wp-content\/uploads\/2020\/09\/pexels-pixabay-53136-300x200.jpg 300w\" sizes=\"(max-width: 640px) 100vw, 640px\" \/><\/figure>\n<\/div>\n\n\n\n<div class=\"wp-block-column\" style=\"flex-basis:66.66%\">\n<p>In der Ausstellung muss der Sattel h\u00fcbsch und sportlich aussehen, ob er bequem ist und zum eigenen Hintern passt, l\u00e4sst sich bei einer kurzen Probefahrt eher nicht feststellen. Die Preisspanne ist bei Satteln sehr gro\u00df, ich selbst w\u00fcrde vermutlich so um die 100\u20ac investieren.<\/p>\n<\/div>\n<\/div>\n\n\n\n<h5>Beleuchtung<\/h5>\n\n\n\n<div class=\"wp-block-columns\">\n<div class=\"wp-block-column\" style=\"flex-basis:33.33%\">\n<figure class=\"wp-block-image size-large is-style-rounded\"><img loading=\"lazy\" width=\"640\" height=\"360\" src=\"https:\/\/www.unleserlich.info\/wp-content\/uploads\/2020\/09\/pexels-pixabay-207489.jpg\" alt=\"\" class=\"wp-image-72\" srcset=\"https:\/\/www.unleserlich.info\/wp-content\/uploads\/2020\/09\/pexels-pixabay-207489.jpg 640w, https:\/\/www.unleserlich.info\/wp-content\/uploads\/2020\/09\/pexels-pixabay-207489-300x169.jpg 300w\" sizes=\"(max-width: 640px) 100vw, 640px\" \/><\/figure>\n<\/div>\n\n\n\n<div class=\"wp-block-column\" style=\"flex-basis:66.66%\">\n<p><br>Sofern ihr viel im Dunkeln unterwegs seid, ist ein gutes Licht wichtig. Nicht nur, um gut zu sehen, sondern vor allem auch, um gut gesehen zu werden.<\/p>\n<\/div>\n<\/div>\n\n\n\n<p>Richtig gutes Licht auf Autoniveau ist leider nicht g\u00fcnstig zu haben, ab 200\u20ac wird es da richtig spannend, da gibt es sogar Modelle mit echtem Fernlicht. Vielleicht \u00fcbertreibe ich da auch &#8211; aber es ist halt wirklich wichtig, wenn Ihr z.B. im Dunkeln durch den Berufsverkehr m\u00fcsst.<\/p>\n\n\n\n<h5>Wartung<\/h5>\n\n\n\n<p><\/p>\n\n\n\n<div class=\"wp-block-columns\">\n<div class=\"wp-block-column\" style=\"flex-basis:33.33%\">\n<figure class=\"wp-block-image size-large is-style-rounded\"><img loading=\"lazy\" width=\"640\" height=\"960\" src=\"https:\/\/www.unleserlich.info\/wp-content\/uploads\/2020\/10\/pexels-thorn-yang-1336981.jpg\" alt=\"\" class=\"wp-image-78\" srcset=\"https:\/\/www.unleserlich.info\/wp-content\/uploads\/2020\/10\/pexels-thorn-yang-1336981.jpg 640w, https:\/\/www.unleserlich.info\/wp-content\/uploads\/2020\/10\/pexels-thorn-yang-1336981-200x300.jpg 200w\" sizes=\"(max-width: 640px) 100vw, 640px\" \/><\/figure>\n<\/div>\n\n\n\n<div class=\"wp-block-column\" style=\"flex-basis:66.66%\">\n<p><\/p>\n\n\n\n<p><\/p>\n\n\n\n<p>Last but not least, pflegt Euer Rad! Mindestens einmal im Monat muss die Luft im Reifen kontrolliert werden (1 bar\/Monat verliert der Reifen im Schnitt). Eine gute Standluftpumpe sollte daher dringend her (und idealerweise nicht die 10\u20ac-Variante aus dem Baumarkt, f\u00fcr 20\u20ac bekommt Ihr im Fachhandel bereits gute Alternativen).<br><\/p>\n<\/div>\n<\/div>\n\n\n\n<p>Die Kette sollte regelm\u00e4\u00dfig gefettet werden (Kettenspray gibt es ab 5\u20ac, f\u00fcr 10\u20ac auch schon richtig taugliche), ab und zu ist auch eine Vollreinigung angesagt, vor allem bei regelm\u00e4\u00dfigen Fahrten in schlechtem Wetter. Die Bremsbel\u00e4ge sollten auch regelm\u00e4\u00dfig gepr\u00fcft und ggf. gewechselt werden.<\/p>\n\n\n\n<p><br>Auch die Wartung in der Werkstatt (bei einem neuen E-Bike einmal im Jahr) ist bei den Kosten zu ber\u00fccksichtigen. Dies geht je nach Leistungsumfang bei ca. 50\u20ac los und kann dann je nach durchzuf\u00fchrenden Arbeiten auch teurer werden.<\/p>\n\n\n\n<h2>Fazit<\/h2>\n\n\n\n<p>Wenn man alles zusammenrechnet, kommt schon einiges zusammen, insbesondere wenn man lange nicht Rad gefahren ist und entsprechend auch noch kein Zubeh\u00f6r besitzt (soll ja in Corona-Zeiten h\u00e4ufiger vorkommen).<\/p>\n\n\n\n<p>Ca. 500\u20ac f\u00fcr eine vern\u00fcnftige Komplettausstattung sind ein guter Anhaltspunkt, wobei es nat\u00fcrlich viel Spielraum gibt (Ist mir die Marke wichtig oder eher nicht, vielleicht reicht das Vorjahresmodell, bekomme ich das eine oder andere vielleicht gebraucht?).<\/p>\n","protected":false},"excerpt":{"rendered":"<p>Die Entscheidung f\u00fcr Dein neues Rad ist gefallen, das Budget gesetzt? Ich stand im letzten Dezember an diesem Punkt, und nun, 9 Monate und 3000km sp\u00e4ter, stelle ich Euch hier einmal vor, was nach dem Kauf noch an Kosten auf Euch zukommen kann. Vorweg jedoch ein paar Worte zur Preisverhandlung, damit dann auch noch genug\u2026 <span class=\"read-more\"><a href=\"https:\/\/www.unleserlich.info\/?p=26\">Weiterlesen &raquo;<\/a><\/span><\/p>\n","protected":false},"author":1,"featured_media":34,"comment_status":"open","ping_status":"open","sticky":false,"template":"","format":"standard","meta":{"twitterCardType":"","cardImageID":0,"cardImage":"","cardTitle":"","cardDesc":"","cardImageAlt":"","cardPlayer":"","cardPlayerWidth":0,"cardPlayerHeight":0,"cardPlayerStream":"","cardPlayerCodec":""},"categories":[7],"tags":[3,6,2,8,4],"post_mailing_queue_ids":[],"_links":{"self":[{"href":"https:\/\/www.unleserlich.info\/index.php?rest_route=\/wp\/v2\/posts\/26"}],"collection":[{"href":"https:\/\/www.unleserlich.info\/index.php?rest_route=\/wp\/v2\/posts"}],"about":[{"href":"https:\/\/www.unleserlich.info\/index.php?rest_route=\/wp\/v2\/types\/post"}],"author":[{"embeddable":true,"href":"https:\/\/www.unleserlich.info\/index.php?rest_route=\/wp\/v2\/users\/1"}],"replies":[{"embeddable":true,"href":"https:\/\/www.unleserlich.info\/index.php?rest_route=%2Fwp%2Fv2%2Fcomments&post=26"}],"version-history":[{"count":34,"href":"https:\/\/www.unleserlich.info\/index.php?rest_route=\/wp\/v2\/posts\/26\/revisions"}],"predecessor-version":[{"id":79,"href":"https:\/\/www.unleserlich.info\/index.php?rest_route=\/wp\/v2\/posts\/26\/revisions\/79"}],"wp:featuredmedia":[{"embeddable":true,"href":"https:\/\/www.unleserlich.info\/index.php?rest_route=\/wp\/v2\/media\/34"}],"wp:attachment":[{"href":"https:\/\/www.unleserlich.info\/index.php?rest_route=%2Fwp%2Fv2%2Fmedia&parent=26"}],"wp:term":[{"taxonomy":"category","embeddable":true,"href":"https:\/\/www.unleserlich.info\/index.php?rest_route=%2Fwp%2Fv2%2Fcategories&post=26"},{"taxonomy":"post_tag","embeddable":true,"href":"https:\/\/www.unleserlich.info\/index.php?rest_route=%2Fwp%2Fv2%2Ftags&post=26"}],"curies":[{"name":"wp","href":"https:\/\/api.w.org\/{rel}","templated":true}]}}